{"id":13857,"date":"2026-07-15T13:51:16","date_gmt":"2026-07-15T11:51:16","guid":{"rendered":"https:\/\/syncomnet.ch\/?p=13857"},"modified":"2026-07-15T13:52:08","modified_gmt":"2026-07-15T11:52:08","slug":"neue-funktion-selfplanning","status":"publish","type":"post","link":"https:\/\/syncomnet.ch\/fr\/2026\/07\/15\/neue-funktion-selfplanning","title":{"rendered":"Nouvelle fonctionnalit\u00e9 SelfPlanning"},"content":{"rendered":"<p><strong>Nouveau : SelfPlanning dans l\u2019application PlanNet <\/strong><\/p>\n<p>Les collaborateurs autoris\u00e9s peuvent d\u00e9sormais reprendre directement dans l\u2019application les services encore disponibles.<\/p>\n<p>PlanNet tient automatiquement compte des qualifications, des dispositions contractuelles, des absences ainsi que des temps de repos et de pause.<\/p>\n<p>Les services sont ainsi pourvus plus rapidement et la charge de planification est r\u00e9duite. SelfPlanning vous int\u00e9resse ? Contactez-nous ! \ud83d\udc4b\ud83c\udffc<\/p>\n<p>&nbsp;<\/p>\n<p><a href=\"https:\/\/syncomnet.ch\/wp-content\/uploads\/SelfPlanning.jpg\"><img loading=\"lazy\" decoding=\"async\" class=\"alignnone wp-image-13858\" src=\"https:\/\/syncomnet.ch\/wp-content\/uploads\/SelfPlanning-240x300.jpg\" alt=\"\" width=\"400\" height=\"500\" srcset=\"https:\/\/syncomnet.ch\/wp-content\/uploads\/SelfPlanning-240x300.jpg 240w, https:\/\/syncomnet.ch\/wp-content\/uploads\/SelfPlanning-819x1024.jpg 819w, https:\/\/syncomnet.ch\/wp-content\/uploads\/SelfPlanning-768x960.jpg 768w, https:\/\/syncomnet.ch\/wp-content\/uploads\/SelfPlanning-500x625.jpg 500w, https:\/\/syncomnet.ch\/wp-content\/uploads\/SelfPlanning.jpg 1122w\" sizes=\"auto, (max-width: 400px) 100vw, 400px\" \/><\/a><\/p>","protected":false},"excerpt":{"rendered":"<p>Neu: SelfPlanning in der PlanNetApp Offene Schichten k\u00f6nnen jetzt von berechtigten Mitarbeitenden direkt in der App \u00fcbernommen werden. PlanNet ber\u00fccksichtigt dabei automatisch Qualifikationen, Vertragsvorgaben, Abwesenheiten sowie Ruhe- und Pausenzeiten. So werden Schichten schneller besetzt und der Planungsaufwand reduziert. Interesse an SelfPlanning? Meldet euch bei uns! \ud83d\udc4b\ud83c\udffc &nbsp;<\/p>","protected":false},"author":1,"featured_media":13858,"comment_status":"closed","ping_status":"closed","sticky":false,"template":"","format":"standard","meta":{"footnotes":""},"categories":[1],"tags":[],"class_list":["post-13857","post","type-post","status-publish","format-standard","has-post-thumbnail","category-newsde","czr-hentry"],"aioseo_notices":[],"aioseo_head":"\n\t\t<!-- All in One SEO 4.9.10 - aioseo.com -->\n\t<meta name=\"robots\" content=\"max-image-preview:large\" \/>\n\t<meta name=\"author\" content=\"SynComNet SAB\"\/>\n\t<meta name=\"google-site-verification\" content=\"google25436cb6fe900fb4\" \/>\n\t<link rel=\"canonical\" href=\"https:\/\/syncomnet.ch\/fr\/2026\/07\/15\/neue-funktion-selfplanning\" \/>\n\t<meta name=\"generator\" content=\"All in One SEO (AIOSEO) 4.9.10\" \/>\n\t\t<meta property=\"og:locale\" content=\"fr_FR\" \/>\n\t\t<meta property=\"og:site_name\" content=\"SynComNet Schweiz | Personalplanung und Zeiterfassung f\u00fcr Unternehmen in der Schweiz\" \/>\n\t\t<meta property=\"og:type\" content=\"article\" \/>\n\t\t<meta property=\"og:title\" content=\"Neue Funktion SelfPlanning | SynComNet Schweiz\" \/>\n\t\t<meta property=\"og:url\" content=\"https:\/\/syncomnet.ch\/fr\/2026\/07\/15\/neue-funktion-selfplanning\" \/>\n\t\t<meta property=\"og:image\" content=\"https:\/\/syncomnet.ch\/wp-content\/uploads\/cropped-logo-neu-4-1-1.png\" \/>\n\t\t<meta property=\"og:image:secure_url\" content=\"https:\/\/syncomnet.ch\/wp-content\/uploads\/cropped-logo-neu-4-1-1.png\" \/>\n\t\t<meta property=\"article:published_time\" content=\"2026-07-15T11:51:16+00:00\" \/>\n\t\t<meta property=\"article:modified_time\" content=\"2026-07-15T11:52:08+00:00\" \/>\n\t\t<meta name=\"twitter:card\" content=\"summary\" \/>\n\t\t<meta name=\"twitter:title\" content=\"Neue Funktion SelfPlanning | SynComNet Schweiz\" \/>\n\t\t<meta name=\"twitter:image\" content=\"https:\/\/syncomnet.ch\/wp-content\/uploads\/cropped-logo-neu-4-1-1.png\" \/>\n\t\t<script type=\"application\/ld+json\" class=\"aioseo-schema\">\n\t\t\t{\"@context\":\"https:\\\/\\\/schema.org\",\"@graph\":[{\"@type\":\"Article\",\"@id\":\"https:\\\/\\\/syncomnet.ch\\\/fr\\\/2026\\\/07\\\/15\\\/neue-funktion-selfplanning#article\",\"name\":\"Neue Funktion SelfPlanning | SynComNet Schweiz\",\"headline\":\"Neue Funktion SelfPlanning\",\"author\":{\"@id\":\"https:\\\/\\\/syncomnet.ch\\\/fr\\\/author\\\/stauffey#author\"},\"publisher\":{\"@id\":\"https:\\\/\\\/syncomnet.ch\\\/fr\\\/#organization\"},\"image\":{\"@type\":\"ImageObject\",\"url\":\"https:\\\/\\\/syncomnet.ch\\\/wp-content\\\/uploads\\\/SelfPlanning.jpg\",\"width\":1122,\"height\":1402},\"datePublished\":\"2026-07-15T13:51:16+02:00\",\"dateModified\":\"2026-07-15T13:52:08+02:00\",\"inLanguage\":\"fr-FR\",\"mainEntityOfPage\":{\"@id\":\"https:\\\/\\\/syncomnet.ch\\\/fr\\\/2026\\\/07\\\/15\\\/neue-funktion-selfplanning#webpage\"},\"isPartOf\":{\"@id\":\"https:\\\/\\\/syncomnet.ch\\\/fr\\\/2026\\\/07\\\/15\\\/neue-funktion-selfplanning#webpage\"},\"articleSection\":\"News DE\"},{\"@type\":\"BreadcrumbList\",\"@id\":\"https:\\\/\\\/syncomnet.ch\\\/fr\\\/2026\\\/07\\\/15\\\/neue-funktion-selfplanning#breadcrumblist\",\"itemListElement\":[{\"@type\":\"ListItem\",\"@id\":\"https:\\\/\\\/syncomnet.ch\\\/fr#listItem\",\"position\":1,\"name\":\"Home\",\"item\":\"https:\\\/\\\/syncomnet.ch\\\/fr\",\"nextItem\":{\"@type\":\"ListItem\",\"@id\":\"https:\\\/\\\/syncomnet.ch\\\/fr\\\/category\\\/newsde#listItem\",\"name\":\"News DE\"}},{\"@type\":\"ListItem\",\"@id\":\"https:\\\/\\\/syncomnet.ch\\\/fr\\\/category\\\/newsde#listItem\",\"position\":2,\"name\":\"News DE\",\"item\":\"https:\\\/\\\/syncomnet.ch\\\/fr\\\/category\\\/newsde\",\"nextItem\":{\"@type\":\"ListItem\",\"@id\":\"https:\\\/\\\/syncomnet.ch\\\/fr\\\/2026\\\/07\\\/15\\\/neue-funktion-selfplanning#listItem\",\"name\":\"Neue Funktion SelfPlanning\"},\"previousItem\":{\"@type\":\"ListItem\",\"@id\":\"https:\\\/\\\/syncomnet.ch\\\/fr#listItem\",\"name\":\"Home\"}},{\"@type\":\"ListItem\",\"@id\":\"https:\\\/\\\/syncomnet.ch\\\/fr\\\/2026\\\/07\\\/15\\\/neue-funktion-selfplanning#listItem\",\"position\":3,\"name\":\"Neue Funktion SelfPlanning\",\"previousItem\":{\"@type\":\"ListItem\",\"@id\":\"https:\\\/\\\/syncomnet.ch\\\/fr\\\/category\\\/newsde#listItem\",\"name\":\"News DE\"}}]},{\"@type\":\"Organization\",\"@id\":\"https:\\\/\\\/syncomnet.ch\\\/fr\\\/#organization\",\"name\":\"SynComNet SAB GmbH\",\"description\":\"Personalplanung und Zeiterfassung f\\u00fcr Unternehmen in der Schweiz\",\"url\":\"https:\\\/\\\/syncomnet.ch\\\/fr\\\/\",\"telephone\":\"+41612712445\",\"logo\":{\"@type\":\"ImageObject\",\"url\":\"https:\\\/\\\/syncomnet.ch\\\/wp-content\\\/uploads\\\/Favicon-scn.png\",\"@id\":\"https:\\\/\\\/syncomnet.ch\\\/fr\\\/2026\\\/07\\\/15\\\/neue-funktion-selfplanning\\\/#organizationLogo\",\"width\":160,\"height\":160},\"image\":{\"@id\":\"https:\\\/\\\/syncomnet.ch\\\/fr\\\/2026\\\/07\\\/15\\\/neue-funktion-selfplanning\\\/#organizationLogo\"},\"sameAs\":[\"https:\\\/\\\/ch.linkedin.com\\\/company\\\/syncomnet-sab-gmbh\"]},{\"@type\":\"Person\",\"@id\":\"https:\\\/\\\/syncomnet.ch\\\/fr\\\/author\\\/stauffey#author\",\"url\":\"https:\\\/\\\/syncomnet.ch\\\/fr\\\/author\\\/stauffey\",\"name\":\"SynComNet SAB\",\"image\":{\"@type\":\"ImageObject\",\"@id\":\"https:\\\/\\\/syncomnet.ch\\\/fr\\\/2026\\\/07\\\/15\\\/neue-funktion-selfplanning#authorImage\",\"url\":\"https:\\\/\\\/syncomnet.ch\\\/wp-content\\\/litespeed\\\/avatar\\\/b015c0abd85282075c1de6fa21d9e22e.jpg?ver=1787974568\",\"width\":96,\"height\":96,\"caption\":\"SynComNet SAB\"}},{\"@type\":\"WebPage\",\"@id\":\"https:\\\/\\\/syncomnet.ch\\\/fr\\\/2026\\\/07\\\/15\\\/neue-funktion-selfplanning#webpage\",\"url\":\"https:\\\/\\\/syncomnet.ch\\\/fr\\\/2026\\\/07\\\/15\\\/neue-funktion-selfplanning\",\"name\":\"Neue Funktion SelfPlanning | SynComNet Schweiz\",\"inLanguage\":\"fr-FR\",\"isPartOf\":{\"@id\":\"https:\\\/\\\/syncomnet.ch\\\/fr\\\/#website\"},\"breadcrumb\":{\"@id\":\"https:\\\/\\\/syncomnet.ch\\\/fr\\\/2026\\\/07\\\/15\\\/neue-funktion-selfplanning#breadcrumblist\"},\"author\":{\"@id\":\"https:\\\/\\\/syncomnet.ch\\\/fr\\\/author\\\/stauffey#author\"},\"creator\":{\"@id\":\"https:\\\/\\\/syncomnet.ch\\\/fr\\\/author\\\/stauffey#author\"},\"image\":{\"@type\":\"ImageObject\",\"url\":\"https:\\\/\\\/syncomnet.ch\\\/wp-content\\\/uploads\\\/SelfPlanning.jpg\",\"@id\":\"https:\\\/\\\/syncomnet.ch\\\/fr\\\/2026\\\/07\\\/15\\\/neue-funktion-selfplanning\\\/#mainImage\",\"width\":1122,\"height\":1402},\"primaryImageOfPage\":{\"@id\":\"https:\\\/\\\/syncomnet.ch\\\/fr\\\/2026\\\/07\\\/15\\\/neue-funktion-selfplanning#mainImage\"},\"datePublished\":\"2026-07-15T13:51:16+02:00\",\"dateModified\":\"2026-07-15T13:52:08+02:00\"},{\"@type\":\"WebSite\",\"@id\":\"https:\\\/\\\/syncomnet.ch\\\/fr\\\/#website\",\"url\":\"https:\\\/\\\/syncomnet.ch\\\/fr\\\/\",\"name\":\"SynComNet Schweiz\",\"description\":\"Personalplanung und Zeiterfassung f\\u00fcr Unternehmen in der Schweiz\",\"inLanguage\":\"fr-FR\",\"publisher\":{\"@id\":\"https:\\\/\\\/syncomnet.ch\\\/fr\\\/#organization\"}}]}\n\t\t<\/script>\n\t\t<!-- All in One SEO -->\n\n","aioseo_head_json":{"title":"Neue Funktion SelfPlanning | SynComNet Schweiz","description":"","canonical_url":"https:\/\/syncomnet.ch\/fr\/2026\/07\/15\/neue-funktion-selfplanning","robots":"max-image-preview:large","keywords":"","webmasterTools":{"google-site-verification":"google25436cb6fe900fb4","miscellaneous":""},"schema":{"@context":"https:\/\/schema.org","@graph":[{"@type":"Article","@id":"https:\/\/syncomnet.ch\/fr\/2026\/07\/15\/neue-funktion-selfplanning#article","name":"Neue Funktion SelfPlanning | SynComNet Schweiz","headline":"Neue Funktion SelfPlanning","author":{"@id":"https:\/\/syncomnet.ch\/fr\/author\/stauffey#author"},"publisher":{"@id":"https:\/\/syncomnet.ch\/fr\/#organization"},"image":{"@type":"ImageObject","url":"https:\/\/syncomnet.ch\/wp-content\/uploads\/SelfPlanning.jpg","width":1122,"height":1402},"datePublished":"2026-07-15T13:51:16+02:00","dateModified":"2026-07-15T13:52:08+02:00","inLanguage":"fr-FR","mainEntityOfPage":{"@id":"https:\/\/syncomnet.ch\/fr\/2026\/07\/15\/neue-funktion-selfplanning#webpage"},"isPartOf":{"@id":"https:\/\/syncomnet.ch\/fr\/2026\/07\/15\/neue-funktion-selfplanning#webpage"},"articleSection":"News DE"},{"@type":"BreadcrumbList","@id":"https:\/\/syncomnet.ch\/fr\/2026\/07\/15\/neue-funktion-selfplanning#breadcrumblist","itemListElement":[{"@type":"ListItem","@id":"https:\/\/syncomnet.ch\/fr#listItem","position":1,"name":"Home","item":"https:\/\/syncomnet.ch\/fr","nextItem":{"@type":"ListItem","@id":"https:\/\/syncomnet.ch\/fr\/category\/newsde#listItem","name":"News DE"}},{"@type":"ListItem","@id":"https:\/\/syncomnet.ch\/fr\/category\/newsde#listItem","position":2,"name":"News DE","item":"https:\/\/syncomnet.ch\/fr\/category\/newsde","nextItem":{"@type":"ListItem","@id":"https:\/\/syncomnet.ch\/fr\/2026\/07\/15\/neue-funktion-selfplanning#listItem","name":"Neue Funktion SelfPlanning"},"previousItem":{"@type":"ListItem","@id":"https:\/\/syncomnet.ch\/fr#listItem","name":"Home"}},{"@type":"ListItem","@id":"https:\/\/syncomnet.ch\/fr\/2026\/07\/15\/neue-funktion-selfplanning#listItem","position":3,"name":"Neue Funktion SelfPlanning","previousItem":{"@type":"ListItem","@id":"https:\/\/syncomnet.ch\/fr\/category\/newsde#listItem","name":"News DE"}}]},{"@type":"Organization","@id":"https:\/\/syncomnet.ch\/fr\/#organization","name":"SynComNet SAB GmbH","description":"Personalplanung und Zeiterfassung f\u00fcr Unternehmen in der Schweiz","url":"https:\/\/syncomnet.ch\/fr\/","telephone":"+41612712445","logo":{"@type":"ImageObject","url":"https:\/\/syncomnet.ch\/wp-content\/uploads\/Favicon-scn.png","@id":"https:\/\/syncomnet.ch\/fr\/2026\/07\/15\/neue-funktion-selfplanning\/#organizationLogo","width":160,"height":160},"image":{"@id":"https:\/\/syncomnet.ch\/fr\/2026\/07\/15\/neue-funktion-selfplanning\/#organizationLogo"},"sameAs":["https:\/\/ch.linkedin.com\/company\/syncomnet-sab-gmbh"]},{"@type":"Person","@id":"https:\/\/syncomnet.ch\/fr\/author\/stauffey#author","url":"https:\/\/syncomnet.ch\/fr\/author\/stauffey","name":"SynComNet SAB","image":{"@type":"ImageObject","@id":"https:\/\/syncomnet.ch\/fr\/2026\/07\/15\/neue-funktion-selfplanning#authorImage","url":"https:\/\/syncomnet.ch\/wp-content\/litespeed\/avatar\/b015c0abd85282075c1de6fa21d9e22e.jpg?ver=1787974568","width":96,"height":96,"caption":"SynComNet SAB"}},{"@type":"WebPage","@id":"https:\/\/syncomnet.ch\/fr\/2026\/07\/15\/neue-funktion-selfplanning#webpage","url":"https:\/\/syncomnet.ch\/fr\/2026\/07\/15\/neue-funktion-selfplanning","name":"Neue Funktion SelfPlanning | SynComNet Schweiz","inLanguage":"fr-FR","isPartOf":{"@id":"https:\/\/syncomnet.ch\/fr\/#website"},"breadcrumb":{"@id":"https:\/\/syncomnet.ch\/fr\/2026\/07\/15\/neue-funktion-selfplanning#breadcrumblist"},"author":{"@id":"https:\/\/syncomnet.ch\/fr\/author\/stauffey#author"},"creator":{"@id":"https:\/\/syncomnet.ch\/fr\/author\/stauffey#author"},"image":{"@type":"ImageObject","url":"https:\/\/syncomnet.ch\/wp-content\/uploads\/SelfPlanning.jpg","@id":"https:\/\/syncomnet.ch\/fr\/2026\/07\/15\/neue-funktion-selfplanning\/#mainImage","width":1122,"height":1402},"primaryImageOfPage":{"@id":"https:\/\/syncomnet.ch\/fr\/2026\/07\/15\/neue-funktion-selfplanning#mainImage"},"datePublished":"2026-07-15T13:51:16+02:00","dateModified":"2026-07-15T13:52:08+02:00"},{"@type":"WebSite","@id":"https:\/\/syncomnet.ch\/fr\/#website","url":"https:\/\/syncomnet.ch\/fr\/","name":"SynComNet Schweiz","description":"Personalplanung und Zeiterfassung f\u00fcr Unternehmen in der Schweiz","inLanguage":"fr-FR","publisher":{"@id":"https:\/\/syncomnet.ch\/fr\/#organization"}}]},"og:locale":"fr_FR","og:site_name":"SynComNet Schweiz | Personalplanung und Zeiterfassung f\u00fcr Unternehmen in der Schweiz","og:type":"article","og:title":"Neue Funktion SelfPlanning | SynComNet Schweiz","og:url":"https:\/\/syncomnet.ch\/fr\/2026\/07\/15\/neue-funktion-selfplanning","og:image":"https:\/\/syncomnet.ch\/wp-content\/uploads\/cropped-logo-neu-4-1-1.png","og:image:secure_url":"https:\/\/syncomnet.ch\/wp-content\/uploads\/cropped-logo-neu-4-1-1.png","article:published_time":"2026-07-15T11:51:16+00:00","article:modified_time":"2026-07-15T11:52:08+00:00","twitter:card":"summary","twitter:title":"Neue Funktion SelfPlanning | SynComNet Schweiz","twitter:image":"https:\/\/syncomnet.ch\/wp-content\/uploads\/cropped-logo-neu-4-1-1.png"},"aioseo_meta_data":{"post_id":"13857","title":null,"description":null,"keywords":null,"keyphrases":{"focus":{"keyphrase":"","score":0,"analysis":{"keyphraseInTitle":{"score":0,"maxScore":9,"error":1}}},"additional":[]},"primary_term":null,"canonical_url":null,"og_title":null,"og_description":null,"og_object_type":"default","og_image_type":"default","og_image_url":null,"og_image_width":null,"og_image_height":null,"og_image_custom_url":null,"og_image_custom_fields":null,"og_video":"","og_custom_url":null,"og_article_section":null,"og_article_tags":null,"twitter_use_og":false,"twitter_card":"default","twitter_image_type":"default","twitter_image_url":null,"twitter_image_custom_url":null,"twitter_image_custom_fields":null,"twitter_title":null,"twitter_description":null,"schema":{"blockGraphs":[],"customGraphs":[],"default":{"data":{"Article":[],"Course":[],"Dataset":[],"FAQPage":[],"Movie":[],"Person":[],"Product":[],"ProductReview":[],"Car":[],"Recipe":[],"Service":[],"SoftwareApplication":[],"WebPage":[]},"graphName":"Article","isEnabled":true},"graphs":[]},"schema_type":"default","schema_type_options":null,"pillar_content":false,"robots_default":true,"robots_noindex":false,"robots_noarchive":false,"robots_nosnippet":false,"robots_nofollow":false,"robots_noimageindex":false,"robots_noodp":false,"robots_notranslate":false,"robots_max_snippet":"-1","robots_max_videopreview":"-1","robots_max_imagepreview":"large","priority":null,"frequency":"default","local_seo":null,"breadcrumb_settings":null,"limit_modified_date":false,"ai":{"faqs":[],"keyPoints":[],"titles":[],"descriptions":[],"socialPosts":{"email":[],"linkedin":[],"twitter":[],"facebook":[],"instagram":[]}},"created":"2026-07-15 11:49:43","updated":"2026-07-15 11:53:10","seo_analyzer_scan_date":null},"aioseo_breadcrumb":"<div class=\"aioseo-breadcrumbs\"><span class=\"aioseo-breadcrumb\">\n\t\t\t<a href=\"https:\/\/syncomnet.ch\/fr\" title=\"Home\">Home<\/a>\n\t\t<\/span><span class=\"aioseo-breadcrumb-separator\">&raquo;<\/span><span class=\"aioseo-breadcrumb\">\n\t\t\t<a href=\"https:\/\/syncomnet.ch\/fr\/category\/newsde\" title=\"News DE\">News DE<\/a>\n\t\t<\/span><span class=\"aioseo-breadcrumb-separator\">&raquo;<\/span><span class=\"aioseo-breadcrumb\">\n\t\t\tNeue Funktion SelfPlanning\n\t\t<\/span><\/div>","aioseo_breadcrumb_json":[{"label":"Home","link":"https:\/\/syncomnet.ch\/fr"},{"label":"News DE","link":"https:\/\/syncomnet.ch\/fr\/category\/newsde"},{"label":"Neue Funktion SelfPlanning","link":"https:\/\/syncomnet.ch\/fr\/2026\/07\/15\/neue-funktion-selfplanning"}],"_links":{"self":[{"href":"https:\/\/syncomnet.ch\/fr\/wp-json\/wp\/v2\/posts\/13857","targetHints":{"allow":["GET"]}}],"collection":[{"href":"https:\/\/syncomnet.ch\/fr\/wp-json\/wp\/v2\/posts"}],"about":[{"href":"https:\/\/syncomnet.ch\/fr\/wp-json\/wp\/v2\/types\/post"}],"author":[{"embeddable":true,"href":"https:\/\/syncomnet.ch\/fr\/wp-json\/wp\/v2\/users\/1"}],"replies":[{"embeddable":true,"href":"https:\/\/syncomnet.ch\/fr\/wp-json\/wp\/v2\/comments?post=13857"}],"version-history":[{"count":3,"href":"https:\/\/syncomnet.ch\/fr\/wp-json\/wp\/v2\/posts\/13857\/revisions"}],"predecessor-version":[{"id":13861,"href":"https:\/\/syncomnet.ch\/fr\/wp-json\/wp\/v2\/posts\/13857\/revisions\/13861"}],"wp:featuredmedia":[{"embeddable":true,"href":"https:\/\/syncomnet.ch\/fr\/wp-json\/wp\/v2\/media\/13858"}],"wp:attachment":[{"href":"https:\/\/syncomnet.ch\/fr\/wp-json\/wp\/v2\/media?parent=13857"}],"wp:term":[{"taxonomy":"category","embeddable":true,"href":"https:\/\/syncomnet.ch\/fr\/wp-json\/wp\/v2\/categories?post=13857"},{"taxonomy":"post_tag","embeddable":true,"href":"https:\/\/syncomnet.ch\/fr\/wp-json\/wp\/v2\/tags?post=13857"}],"curies":[{"name":"wp","href":"https:\/\/api.w.org\/{rel}","templated":true}]}}