{"id":12014,"date":"2025-09-17T18:27:25","date_gmt":"2025-09-17T16:27:25","guid":{"rendered":"https:\/\/syncomnet.ch\/?p=12014"},"modified":"2025-11-17T19:49:21","modified_gmt":"2025-11-17T18:49:21","slug":"das-einsatzzentralen-modul","status":"publish","type":"post","link":"https:\/\/syncomnet.ch\/fr\/2025\/09\/17\/das-einsatzzentralen-modul","title":{"rendered":"Le module de centrale op\u00e9rationnelle"},"content":{"rendered":"<p>Nous vous pr\u00e9sentons notre module de centrale op\u00e9rationnelle.<\/p>\n<p>Qu\u2019il s\u2019agisse des services \u00e0 venir, des pr\u00e9annonces manqu\u00e9es ou des saisies du temps manquantes, notre module de centrale op\u00e9rationnelle vous permet de garder imm\u00e9diatement toutes les informations importantes \u00e0 l\u2019\u0153il.<\/p>\n<p>\u2705 Vue d\u2019ensemble des positions g\u00e9ographiques<br \/>\n\u2705 Canaux de communication directs avec les collaborateurs<br \/>\n\u2705 Pr\u00e9sentation intuitive de toutes les donn\u00e9es de planification pertinentes<br \/>\n\u2705 Fonctions intelligentes pour une efficacit\u00e9 maximale<\/p>\n<p>La planification des interventions devient ainsi plus rapide, plus claire et plus centralis\u00e9e, exactement comme les \u00e9quipes modernes en ont besoin.<\/p>\n<p>&nbsp;<\/p>\n<p><img loading=\"lazy\" decoding=\"async\" class=\"alignnone wp-image-11781\" src=\"https:\/\/syncomnet.ch\/wp-content\/uploads\/einsatzzentrale3.png\" alt=\"\" width=\"400\" height=\"251\" srcset=\"https:\/\/syncomnet.ch\/wp-content\/uploads\/einsatzzentrale3.png 602w, https:\/\/syncomnet.ch\/wp-content\/uploads\/einsatzzentrale3-500x314.png 500w, https:\/\/syncomnet.ch\/wp-content\/uploads\/einsatzzentrale3-300x188.png 300w\" sizes=\"auto, (max-width: 400px) 100vw, 400px\" \/><\/p>","protected":false},"excerpt":{"rendered":"<p>Wir stellen vor: unser Einsatzzentralen-Modul. Ob bevorstehende Dienste, verpasste Voranmeldungen oder fehlende Zeiterfassungen \u2013 mit unserem Einsatzzentralen-Modul haben Sie alle wichtigen Informationen sofort im Blick. \u2705 \u00dcbersicht \u00fcber Geopositionen \u2705 Direkte Kommunikationswege zu Mitarbeitenden \u2705 Intuitive Darstellung aller relevanten Planungsdaten \u2705 Smarte Funktionen f\u00fcr maximale Effizienz So wird Einsatzplanung schneller, klarer und zentraler \u2013 genau [&hellip;]<\/p>\n","protected":false},"author":1,"featured_media":11781,"comment_status":"closed","ping_status":"closed","sticky":false,"template":"","format":"standard","meta":{"footnotes":""},"categories":[1],"tags":[],"class_list":["post-12014","post","type-post","status-publish","format-standard","has-post-thumbnail","category-newsde","czr-hentry"],"aioseo_notices":[],"aioseo_head":"\n\t\t<!-- All in One SEO 4.9.10 - aioseo.com -->\n\t<meta name=\"robots\" content=\"max-image-preview:large\" \/>\n\t<meta name=\"author\" content=\"SynComNet SAB\"\/>\n\t<meta name=\"google-site-verification\" content=\"google25436cb6fe900fb4\" \/>\n\t<link rel=\"canonical\" href=\"https:\/\/syncomnet.ch\/fr\/2025\/09\/17\/das-einsatzzentralen-modul\" \/>\n\t<meta name=\"generator\" content=\"All in One SEO (AIOSEO) 4.9.10\" \/>\n\t\t<meta property=\"og:locale\" content=\"fr_FR\" \/>\n\t\t<meta property=\"og:site_name\" content=\"SynComNet Schweiz | Personalplanung und Zeiterfassung f\u00fcr Unternehmen in der Schweiz\" \/>\n\t\t<meta property=\"og:type\" content=\"article\" \/>\n\t\t<meta property=\"og:title\" content=\"Das Einsatzzentralen-Modul | SynComNet Schweiz\" \/>\n\t\t<meta property=\"og:url\" content=\"https:\/\/syncomnet.ch\/fr\/2025\/09\/17\/das-einsatzzentralen-modul\" \/>\n\t\t<meta property=\"og:image\" content=\"https:\/\/syncomnet.ch\/wp-content\/uploads\/cropped-logo-neu-4-1-1.png\" \/>\n\t\t<meta property=\"og:image:secure_url\" content=\"https:\/\/syncomnet.ch\/wp-content\/uploads\/cropped-logo-neu-4-1-1.png\" \/>\n\t\t<meta property=\"article:published_time\" content=\"2025-09-17T16:27:25+00:00\" \/>\n\t\t<meta property=\"article:modified_time\" content=\"2025-11-17T18:49:21+00:00\" \/>\n\t\t<meta name=\"twitter:card\" content=\"summary\" \/>\n\t\t<meta name=\"twitter:title\" content=\"Das Einsatzzentralen-Modul | SynComNet Schweiz\" \/>\n\t\t<meta name=\"twitter:image\" content=\"https:\/\/syncomnet.ch\/wp-content\/uploads\/cropped-logo-neu-4-1-1.png\" \/>\n\t\t<script type=\"application\/ld+json\" class=\"aioseo-schema\">\n\t\t\t{\"@context\":\"https:\\\/\\\/schema.org\",\"@graph\":[{\"@type\":\"Article\",\"@id\":\"https:\\\/\\\/syncomnet.ch\\\/fr\\\/2025\\\/09\\\/17\\\/das-einsatzzentralen-modul#article\",\"name\":\"Das Einsatzzentralen-Modul | SynComNet Schweiz\",\"headline\":\"Das Einsatzzentralen-Modul\",\"author\":{\"@id\":\"https:\\\/\\\/syncomnet.ch\\\/fr\\\/author\\\/stauffey#author\"},\"publisher\":{\"@id\":\"https:\\\/\\\/syncomnet.ch\\\/fr\\\/#organization\"},\"image\":{\"@type\":\"ImageObject\",\"url\":\"https:\\\/\\\/syncomnet.ch\\\/wp-content\\\/uploads\\\/einsatzzentrale3.png\",\"width\":602,\"height\":378},\"datePublished\":\"2025-09-17T18:27:25+02:00\",\"dateModified\":\"2025-11-17T19:49:21+01:00\",\"inLanguage\":\"fr-FR\",\"mainEntityOfPage\":{\"@id\":\"https:\\\/\\\/syncomnet.ch\\\/fr\\\/2025\\\/09\\\/17\\\/das-einsatzzentralen-modul#webpage\"},\"isPartOf\":{\"@id\":\"https:\\\/\\\/syncomnet.ch\\\/fr\\\/2025\\\/09\\\/17\\\/das-einsatzzentralen-modul#webpage\"},\"articleSection\":\"News DE\"},{\"@type\":\"BreadcrumbList\",\"@id\":\"https:\\\/\\\/syncomnet.ch\\\/fr\\\/2025\\\/09\\\/17\\\/das-einsatzzentralen-modul#breadcrumblist\",\"itemListElement\":[{\"@type\":\"ListItem\",\"@id\":\"https:\\\/\\\/syncomnet.ch\\\/fr#listItem\",\"position\":1,\"name\":\"Home\",\"item\":\"https:\\\/\\\/syncomnet.ch\\\/fr\",\"nextItem\":{\"@type\":\"ListItem\",\"@id\":\"https:\\\/\\\/syncomnet.ch\\\/fr\\\/category\\\/newsde#listItem\",\"name\":\"News DE\"}},{\"@type\":\"ListItem\",\"@id\":\"https:\\\/\\\/syncomnet.ch\\\/fr\\\/category\\\/newsde#listItem\",\"position\":2,\"name\":\"News DE\",\"item\":\"https:\\\/\\\/syncomnet.ch\\\/fr\\\/category\\\/newsde\",\"nextItem\":{\"@type\":\"ListItem\",\"@id\":\"https:\\\/\\\/syncomnet.ch\\\/fr\\\/2025\\\/09\\\/17\\\/das-einsatzzentralen-modul#listItem\",\"name\":\"Das Einsatzzentralen-Modul\"},\"previousItem\":{\"@type\":\"ListItem\",\"@id\":\"https:\\\/\\\/syncomnet.ch\\\/fr#listItem\",\"name\":\"Home\"}},{\"@type\":\"ListItem\",\"@id\":\"https:\\\/\\\/syncomnet.ch\\\/fr\\\/2025\\\/09\\\/17\\\/das-einsatzzentralen-modul#listItem\",\"position\":3,\"name\":\"Das Einsatzzentralen-Modul\",\"previousItem\":{\"@type\":\"ListItem\",\"@id\":\"https:\\\/\\\/syncomnet.ch\\\/fr\\\/category\\\/newsde#listItem\",\"name\":\"News DE\"}}]},{\"@type\":\"Organization\",\"@id\":\"https:\\\/\\\/syncomnet.ch\\\/fr\\\/#organization\",\"name\":\"SynComNet SAB GmbH\",\"description\":\"Personalplanung und Zeiterfassung f\\u00fcr Unternehmen in der Schweiz\",\"url\":\"https:\\\/\\\/syncomnet.ch\\\/fr\\\/\",\"telephone\":\"+41612712445\",\"logo\":{\"@type\":\"ImageObject\",\"url\":\"https:\\\/\\\/syncomnet.ch\\\/wp-content\\\/uploads\\\/Favicon-scn.png\",\"@id\":\"https:\\\/\\\/syncomnet.ch\\\/fr\\\/2025\\\/09\\\/17\\\/das-einsatzzentralen-modul\\\/#organizationLogo\",\"width\":160,\"height\":160},\"image\":{\"@id\":\"https:\\\/\\\/syncomnet.ch\\\/fr\\\/2025\\\/09\\\/17\\\/das-einsatzzentralen-modul\\\/#organizationLogo\"},\"sameAs\":[\"https:\\\/\\\/ch.linkedin.com\\\/company\\\/syncomnet-sab-gmbh\"]},{\"@type\":\"Person\",\"@id\":\"https:\\\/\\\/syncomnet.ch\\\/fr\\\/author\\\/stauffey#author\",\"url\":\"https:\\\/\\\/syncomnet.ch\\\/fr\\\/author\\\/stauffey\",\"name\":\"SynComNet SAB\",\"image\":{\"@type\":\"ImageObject\",\"@id\":\"https:\\\/\\\/syncomnet.ch\\\/fr\\\/2025\\\/09\\\/17\\\/das-einsatzzentralen-modul#authorImage\",\"url\":\"https:\\\/\\\/syncomnet.ch\\\/wp-content\\\/litespeed\\\/avatar\\\/b015c0abd85282075c1de6fa21d9e22e.jpg?ver=1787974568\",\"width\":96,\"height\":96,\"caption\":\"SynComNet SAB\"}},{\"@type\":\"WebPage\",\"@id\":\"https:\\\/\\\/syncomnet.ch\\\/fr\\\/2025\\\/09\\\/17\\\/das-einsatzzentralen-modul#webpage\",\"url\":\"https:\\\/\\\/syncomnet.ch\\\/fr\\\/2025\\\/09\\\/17\\\/das-einsatzzentralen-modul\",\"name\":\"Das Einsatzzentralen-Modul | SynComNet Schweiz\",\"inLanguage\":\"fr-FR\",\"isPartOf\":{\"@id\":\"https:\\\/\\\/syncomnet.ch\\\/fr\\\/#website\"},\"breadcrumb\":{\"@id\":\"https:\\\/\\\/syncomnet.ch\\\/fr\\\/2025\\\/09\\\/17\\\/das-einsatzzentralen-modul#breadcrumblist\"},\"author\":{\"@id\":\"https:\\\/\\\/syncomnet.ch\\\/fr\\\/author\\\/stauffey#author\"},\"creator\":{\"@id\":\"https:\\\/\\\/syncomnet.ch\\\/fr\\\/author\\\/stauffey#author\"},\"image\":{\"@type\":\"ImageObject\",\"url\":\"https:\\\/\\\/syncomnet.ch\\\/wp-content\\\/uploads\\\/einsatzzentrale3.png\",\"@id\":\"https:\\\/\\\/syncomnet.ch\\\/fr\\\/2025\\\/09\\\/17\\\/das-einsatzzentralen-modul\\\/#mainImage\",\"width\":602,\"height\":378},\"primaryImageOfPage\":{\"@id\":\"https:\\\/\\\/syncomnet.ch\\\/fr\\\/2025\\\/09\\\/17\\\/das-einsatzzentralen-modul#mainImage\"},\"datePublished\":\"2025-09-17T18:27:25+02:00\",\"dateModified\":\"2025-11-17T19:49:21+01:00\"},{\"@type\":\"WebSite\",\"@id\":\"https:\\\/\\\/syncomnet.ch\\\/fr\\\/#website\",\"url\":\"https:\\\/\\\/syncomnet.ch\\\/fr\\\/\",\"name\":\"SynComNet Schweiz\",\"description\":\"Personalplanung und Zeiterfassung f\\u00fcr Unternehmen in der Schweiz\",\"inLanguage\":\"fr-FR\",\"publisher\":{\"@id\":\"https:\\\/\\\/syncomnet.ch\\\/fr\\\/#organization\"}}]}\n\t\t<\/script>\n\t\t<!-- All in One SEO -->\n\n","aioseo_head_json":{"title":"Das Einsatzzentralen-Modul | SynComNet Schweiz","description":"","canonical_url":"https:\/\/syncomnet.ch\/fr\/2025\/09\/17\/das-einsatzzentralen-modul","robots":"max-image-preview:large","keywords":"","webmasterTools":{"google-site-verification":"google25436cb6fe900fb4","miscellaneous":""},"schema":{"@context":"https:\/\/schema.org","@graph":[{"@type":"Article","@id":"https:\/\/syncomnet.ch\/fr\/2025\/09\/17\/das-einsatzzentralen-modul#article","name":"Das Einsatzzentralen-Modul | SynComNet Schweiz","headline":"Das Einsatzzentralen-Modul","author":{"@id":"https:\/\/syncomnet.ch\/fr\/author\/stauffey#author"},"publisher":{"@id":"https:\/\/syncomnet.ch\/fr\/#organization"},"image":{"@type":"ImageObject","url":"https:\/\/syncomnet.ch\/wp-content\/uploads\/einsatzzentrale3.png","width":602,"height":378},"datePublished":"2025-09-17T18:27:25+02:00","dateModified":"2025-11-17T19:49:21+01:00","inLanguage":"fr-FR","mainEntityOfPage":{"@id":"https:\/\/syncomnet.ch\/fr\/2025\/09\/17\/das-einsatzzentralen-modul#webpage"},"isPartOf":{"@id":"https:\/\/syncomnet.ch\/fr\/2025\/09\/17\/das-einsatzzentralen-modul#webpage"},"articleSection":"News DE"},{"@type":"BreadcrumbList","@id":"https:\/\/syncomnet.ch\/fr\/2025\/09\/17\/das-einsatzzentralen-modul#breadcrumblist","itemListElement":[{"@type":"ListItem","@id":"https:\/\/syncomnet.ch\/fr#listItem","position":1,"name":"Home","item":"https:\/\/syncomnet.ch\/fr","nextItem":{"@type":"ListItem","@id":"https:\/\/syncomnet.ch\/fr\/category\/newsde#listItem","name":"News DE"}},{"@type":"ListItem","@id":"https:\/\/syncomnet.ch\/fr\/category\/newsde#listItem","position":2,"name":"News DE","item":"https:\/\/syncomnet.ch\/fr\/category\/newsde","nextItem":{"@type":"ListItem","@id":"https:\/\/syncomnet.ch\/fr\/2025\/09\/17\/das-einsatzzentralen-modul#listItem","name":"Das Einsatzzentralen-Modul"},"previousItem":{"@type":"ListItem","@id":"https:\/\/syncomnet.ch\/fr#listItem","name":"Home"}},{"@type":"ListItem","@id":"https:\/\/syncomnet.ch\/fr\/2025\/09\/17\/das-einsatzzentralen-modul#listItem","position":3,"name":"Das Einsatzzentralen-Modul","previousItem":{"@type":"ListItem","@id":"https:\/\/syncomnet.ch\/fr\/category\/newsde#listItem","name":"News DE"}}]},{"@type":"Organization","@id":"https:\/\/syncomnet.ch\/fr\/#organization","name":"SynComNet SAB GmbH","description":"Personalplanung und Zeiterfassung f\u00fcr Unternehmen in der Schweiz","url":"https:\/\/syncomnet.ch\/fr\/","telephone":"+41612712445","logo":{"@type":"ImageObject","url":"https:\/\/syncomnet.ch\/wp-content\/uploads\/Favicon-scn.png","@id":"https:\/\/syncomnet.ch\/fr\/2025\/09\/17\/das-einsatzzentralen-modul\/#organizationLogo","width":160,"height":160},"image":{"@id":"https:\/\/syncomnet.ch\/fr\/2025\/09\/17\/das-einsatzzentralen-modul\/#organizationLogo"},"sameAs":["https:\/\/ch.linkedin.com\/company\/syncomnet-sab-gmbh"]},{"@type":"Person","@id":"https:\/\/syncomnet.ch\/fr\/author\/stauffey#author","url":"https:\/\/syncomnet.ch\/fr\/author\/stauffey","name":"SynComNet SAB","image":{"@type":"ImageObject","@id":"https:\/\/syncomnet.ch\/fr\/2025\/09\/17\/das-einsatzzentralen-modul#authorImage","url":"https:\/\/syncomnet.ch\/wp-content\/litespeed\/avatar\/b015c0abd85282075c1de6fa21d9e22e.jpg?ver=1787974568","width":96,"height":96,"caption":"SynComNet SAB"}},{"@type":"WebPage","@id":"https:\/\/syncomnet.ch\/fr\/2025\/09\/17\/das-einsatzzentralen-modul#webpage","url":"https:\/\/syncomnet.ch\/fr\/2025\/09\/17\/das-einsatzzentralen-modul","name":"Das Einsatzzentralen-Modul | SynComNet Schweiz","inLanguage":"fr-FR","isPartOf":{"@id":"https:\/\/syncomnet.ch\/fr\/#website"},"breadcrumb":{"@id":"https:\/\/syncomnet.ch\/fr\/2025\/09\/17\/das-einsatzzentralen-modul#breadcrumblist"},"author":{"@id":"https:\/\/syncomnet.ch\/fr\/author\/stauffey#author"},"creator":{"@id":"https:\/\/syncomnet.ch\/fr\/author\/stauffey#author"},"image":{"@type":"ImageObject","url":"https:\/\/syncomnet.ch\/wp-content\/uploads\/einsatzzentrale3.png","@id":"https:\/\/syncomnet.ch\/fr\/2025\/09\/17\/das-einsatzzentralen-modul\/#mainImage","width":602,"height":378},"primaryImageOfPage":{"@id":"https:\/\/syncomnet.ch\/fr\/2025\/09\/17\/das-einsatzzentralen-modul#mainImage"},"datePublished":"2025-09-17T18:27:25+02:00","dateModified":"2025-11-17T19:49:21+01:00"},{"@type":"WebSite","@id":"https:\/\/syncomnet.ch\/fr\/#website","url":"https:\/\/syncomnet.ch\/fr\/","name":"SynComNet Schweiz","description":"Personalplanung und Zeiterfassung f\u00fcr Unternehmen in der Schweiz","inLanguage":"fr-FR","publisher":{"@id":"https:\/\/syncomnet.ch\/fr\/#organization"}}]},"og:locale":"fr_FR","og:site_name":"SynComNet Schweiz | Personalplanung und Zeiterfassung f\u00fcr Unternehmen in der Schweiz","og:type":"article","og:title":"Das Einsatzzentralen-Modul | SynComNet Schweiz","og:url":"https:\/\/syncomnet.ch\/fr\/2025\/09\/17\/das-einsatzzentralen-modul","og:image":"https:\/\/syncomnet.ch\/wp-content\/uploads\/cropped-logo-neu-4-1-1.png","og:image:secure_url":"https:\/\/syncomnet.ch\/wp-content\/uploads\/cropped-logo-neu-4-1-1.png","article:published_time":"2025-09-17T16:27:25+00:00","article:modified_time":"2025-11-17T18:49:21+00:00","twitter:card":"summary","twitter:title":"Das Einsatzzentralen-Modul | SynComNet Schweiz","twitter:image":"https:\/\/syncomnet.ch\/wp-content\/uploads\/cropped-logo-neu-4-1-1.png"},"aioseo_meta_data":{"post_id":"12014","title":null,"description":null,"keywords":null,"keyphrases":{"focus":{"keyphrase":"","score":0,"analysis":{"keyphraseInTitle":{"score":0,"maxScore":9,"error":1}}},"additional":[]},"primary_term":null,"canonical_url":null,"og_title":null,"og_description":null,"og_object_type":"default","og_image_type":"default","og_image_url":null,"og_image_width":null,"og_image_height":null,"og_image_custom_url":null,"og_image_custom_fields":null,"og_video":"","og_custom_url":null,"og_article_section":null,"og_article_tags":null,"twitter_use_og":false,"twitter_card":"default","twitter_image_type":"default","twitter_image_url":null,"twitter_image_custom_url":null,"twitter_image_custom_fields":null,"twitter_title":null,"twitter_description":null,"schema":{"blockGraphs":[],"customGraphs":[],"default":{"data":{"Article":[],"Course":[],"Dataset":[],"FAQPage":[],"Movie":[],"Person":[],"Product":[],"ProductReview":[],"Car":[],"Recipe":[],"Service":[],"SoftwareApplication":[],"WebPage":[]},"graphName":"Article","isEnabled":true},"graphs":[]},"schema_type":"default","schema_type_options":null,"pillar_content":false,"robots_default":true,"robots_noindex":false,"robots_noarchive":false,"robots_nosnippet":false,"robots_nofollow":false,"robots_noimageindex":false,"robots_noodp":false,"robots_notranslate":false,"robots_max_snippet":"-1","robots_max_videopreview":"-1","robots_max_imagepreview":"large","priority":null,"frequency":"default","local_seo":null,"breadcrumb_settings":null,"limit_modified_date":false,"ai":{"faqs":[],"keyPoints":[],"titles":[],"descriptions":[],"socialPosts":{"email":[],"linkedin":[],"twitter":[],"facebook":[],"instagram":[]}},"created":"2025-11-17 17:26:09","updated":"2025-11-17 18:57:56","seo_analyzer_scan_date":null},"aioseo_breadcrumb":"<div class=\"aioseo-breadcrumbs\"><span class=\"aioseo-breadcrumb\">\n\t\t\t<a href=\"https:\/\/syncomnet.ch\/fr\" title=\"Home\">Home<\/a>\n\t\t<\/span><span class=\"aioseo-breadcrumb-separator\">&raquo;<\/span><span class=\"aioseo-breadcrumb\">\n\t\t\t<a href=\"https:\/\/syncomnet.ch\/fr\/category\/newsde\" title=\"News DE\">News DE<\/a>\n\t\t<\/span><span class=\"aioseo-breadcrumb-separator\">&raquo;<\/span><span class=\"aioseo-breadcrumb\">\n\t\t\tDas Einsatzzentralen-Modul\n\t\t<\/span><\/div>","aioseo_breadcrumb_json":[{"label":"Home","link":"https:\/\/syncomnet.ch\/fr"},{"label":"News DE","link":"https:\/\/syncomnet.ch\/fr\/category\/newsde"},{"label":"Das Einsatzzentralen-Modul","link":"https:\/\/syncomnet.ch\/fr\/2025\/09\/17\/das-einsatzzentralen-modul"}],"_links":{"self":[{"href":"https:\/\/syncomnet.ch\/fr\/wp-json\/wp\/v2\/posts\/12014","targetHints":{"allow":["GET"]}}],"collection":[{"href":"https:\/\/syncomnet.ch\/fr\/wp-json\/wp\/v2\/posts"}],"about":[{"href":"https:\/\/syncomnet.ch\/fr\/wp-json\/wp\/v2\/types\/post"}],"author":[{"embeddable":true,"href":"https:\/\/syncomnet.ch\/fr\/wp-json\/wp\/v2\/users\/1"}],"replies":[{"embeddable":true,"href":"https:\/\/syncomnet.ch\/fr\/wp-json\/wp\/v2\/comments?post=12014"}],"version-history":[{"count":9,"href":"https:\/\/syncomnet.ch\/fr\/wp-json\/wp\/v2\/posts\/12014\/revisions"}],"predecessor-version":[{"id":12036,"href":"https:\/\/syncomnet.ch\/fr\/wp-json\/wp\/v2\/posts\/12014\/revisions\/12036"}],"wp:featuredmedia":[{"embeddable":true,"href":"https:\/\/syncomnet.ch\/fr\/wp-json\/wp\/v2\/media\/11781"}],"wp:attachment":[{"href":"https:\/\/syncomnet.ch\/fr\/wp-json\/wp\/v2\/media?parent=12014"}],"wp:term":[{"taxonomy":"category","embeddable":true,"href":"https:\/\/syncomnet.ch\/fr\/wp-json\/wp\/v2\/categories?post=12014"},{"taxonomy":"post_tag","embeddable":true,"href":"https:\/\/syncomnet.ch\/fr\/wp-json\/wp\/v2\/tags?post=12014"}],"curies":[{"name":"wp","href":"https:\/\/api.w.org\/{rel}","templated":true}]}}